{"id":3430,"date":"2024-05-11T22:52:03","date_gmt":"2024-05-11T20:52:03","guid":{"rendered":"https:\/\/saschaberger.com\/?p=3430"},"modified":"2024-05-12T09:05:23","modified_gmt":"2024-05-12T07:05:23","slug":"europawahl-2024-und-wahlprogramm-gruene","status":"publish","type":"post","link":"https:\/\/saschaberger.com\/en\/2024\/05\/11\/europawahl-2024-und-wahlprogramm-gruene\/","title":{"rendered":"Europawahl 2024 und Wahlprogramm B\u00fcndnis 90\/ Die Gr\u00fcnen"},"content":{"rendered":"\n<p>Zur Europawahl am 9. Juni 2024 haben wir die M\u00f6glichkeit, zu erhalten, was uns st\u00e4rkt, und zu st\u00e4rken, was uns sch\u00fctzt. Es geht um Frieden und Wohlstand in Europa. Es geht um ein gerechtes und gr\u00fcnes Europa.<\/p>\n\n\n\n<p>Das GR\u00dcNE Europawahlprogramm und die wichtigsten Punkte in K\u00fcrze findet sich hier:&nbsp;<a href=\"https:\/\/www.gruene.de\/artikel\/unser-gr%C3%BCnes-wahlprogramm-zur-europawahl-2024\">https:\/\/www.gruene.de\/artikel\/unser-gr%C3%BCnes-wahlprogramm-zur-europawahl-2024<\/a><\/p>\n\n\n\n<p><strong>Machen was z\u00e4hlt!<\/strong> GR\u00dcNES Wahlprogramm als PDF Downloads:<\/p>\n\n\n\n<ul class=\"wp-block-list\">\n<li><a href=\"https:\/\/cms.gruene.de\/uploads\/assets\/20240306_Reader_EU-Wahlprogramm2024_A4.pdf\" target=\"_blank\" rel=\"noreferrer noopener\">Download Europawahlprogramm 2024 (PDF \/ lange Version)<\/a><\/li>\n\n\n\n<li><a href=\"https:\/\/cms.gruene.de\/uploads\/assets\/Europawahl-2024_Kurzwahlprogramm_Flyer.pdf\" target=\"_blank\" rel=\"noreferrer noopener\">Download Kurzwahlprogramm zur Europawahl 2024 (PDF \/ kurze Version)<\/a><\/li>\n<\/ul>\n\n\n\n<figure class=\"wp-block-image size-large\"><img data-recalc-dims=\"1\" loading=\"lazy\" decoding=\"async\" width=\"570\" height=\"1200\" data-attachment-id=\"3433\" data-permalink=\"https:\/\/saschaberger.com\/en\/2024\/05\/11\/europawahl-2024-und-wahlprogramm-gruene\/img_6401-1\/\" data-orig-file=\"https:\/\/i0.wp.com\/saschaberger.com\/wp-content\/uploads\/2024\/05\/IMG_6401-1.jpeg?fit=659%2C1387&amp;ssl=1\" data-orig-size=\"659,1387\" data-comments-opened=\"1\" data-image-meta=\"{&quot;aperture&quot;:&quot;0&quot;,&quot;credit&quot;:&quot;&quot;,&quot;camera&quot;:&quot;&quot;,&quot;caption&quot;:&quot;&quot;,&quot;created_timestamp&quot;:&quot;0&quot;,&quot;copyright&quot;:&quot;&quot;,&quot;focal_length&quot;:&quot;0&quot;,&quot;iso&quot;:&quot;0&quot;,&quot;shutter_speed&quot;:&quot;0&quot;,&quot;title&quot;:&quot;&quot;,&quot;orientation&quot;:&quot;1&quot;}\" data-image-title=\"IMG_6401-1\" data-image-description=\"\" data-image-caption=\"\" data-large-file=\"https:\/\/i0.wp.com\/saschaberger.com\/wp-content\/uploads\/2024\/05\/IMG_6401-1.jpeg?fit=570%2C1200&amp;ssl=1\" src=\"https:\/\/i0.wp.com\/saschaberger.com\/wp-content\/uploads\/2024\/05\/IMG_6401-1.jpeg?resize=570%2C1200&#038;ssl=1\" alt=\"\" class=\"wp-image-3433\" srcset=\"https:\/\/i0.wp.com\/saschaberger.com\/wp-content\/uploads\/2024\/05\/IMG_6401-1.jpeg?resize=570%2C1200&amp;ssl=1 570w, https:\/\/i0.wp.com\/saschaberger.com\/wp-content\/uploads\/2024\/05\/IMG_6401-1.jpeg?resize=285%2C600&amp;ssl=1 285w, https:\/\/i0.wp.com\/saschaberger.com\/wp-content\/uploads\/2024\/05\/IMG_6401-1.jpeg?resize=400%2C842&amp;ssl=1 400w, https:\/\/i0.wp.com\/saschaberger.com\/wp-content\/uploads\/2024\/05\/IMG_6401-1.jpeg?w=659&amp;ssl=1 659w\" sizes=\"auto, (max-width: 570px) 100vw, 570px\" \/><\/figure>\n\n\n\n<p><\/p>\n\n\n\n<h2 class=\"wp-block-heading\">European Greens und Spitzenkandidatin Terry Reintke<\/h2>\n\n\n\n<p>Hier geht es zu Webseite der \u201eEuropean Greens\u201c und&nbsp;<strong>Terry Reintke<\/strong>&nbsp;unserer Gr\u00fcnen Spitzenkandidatin aus NRW:&nbsp;<a href=\"https:\/\/europeangreens.eu\/terry-reintke\/?utm_term=terry%20reintke&amp;utm_campaign=240119_gsearch_epe24_leading-candidates_eu&amp;utm_source=adwords&amp;utm_medium=ppc&amp;hsa_acc=5581438361&amp;hsa_cam=20957813651&amp;hsa_grp=158111405019&amp;hsa_ad=688270894272&amp;hsa_src=g&amp;hsa_tgt=kwd-1678477459350&amp;hsa_kw=terry%20reintke&amp;hsa_mt=b&amp;hsa_net=adwords&amp;hsa_ver=3&amp;gad_source=1&amp;gclid=CjwKCAjwrvyxBhAbEiwAEg_KggwknUGFQsNEKPvKruGNdxJCxH0l0b8bH0D-cJ7kTAsJmFUjUEHuCBoCvhYQAvD_BwE\">https:\/\/europeangreens.eu\/terry-reintke\/<\/a><\/p>\n\n\n\n<figure class=\"wp-block-image size-large\"><img data-recalc-dims=\"1\" loading=\"lazy\" decoding=\"async\" width=\"694\" height=\"1200\" data-attachment-id=\"3434\" data-permalink=\"https:\/\/saschaberger.com\/en\/2024\/05\/11\/europawahl-2024-und-wahlprogramm-gruene\/img_6408-1\/\" data-orig-file=\"https:\/\/i0.wp.com\/saschaberger.com\/wp-content\/uploads\/2024\/05\/IMG_6408-1.jpeg?fit=1141%2C1974&amp;ssl=1\" data-orig-size=\"1141,1974\" data-comments-opened=\"1\" data-image-meta=\"{&quot;aperture&quot;:&quot;0&quot;,&quot;credit&quot;:&quot;&quot;,&quot;camera&quot;:&quot;&quot;,&quot;caption&quot;:&quot;&quot;,&quot;created_timestamp&quot;:&quot;0&quot;,&quot;copyright&quot;:&quot;&quot;,&quot;focal_length&quot;:&quot;0&quot;,&quot;iso&quot;:&quot;0&quot;,&quot;shutter_speed&quot;:&quot;0&quot;,&quot;title&quot;:&quot;&quot;,&quot;orientation&quot;:&quot;1&quot;}\" data-image-title=\"IMG_6408-1\" data-image-description=\"\" data-image-caption=\"\" data-large-file=\"https:\/\/i0.wp.com\/saschaberger.com\/wp-content\/uploads\/2024\/05\/IMG_6408-1.jpeg?fit=694%2C1200&amp;ssl=1\" src=\"https:\/\/i0.wp.com\/saschaberger.com\/wp-content\/uploads\/2024\/05\/IMG_6408-1.jpeg?resize=694%2C1200&#038;ssl=1\" alt=\"\" class=\"wp-image-3434\" srcset=\"https:\/\/i0.wp.com\/saschaberger.com\/wp-content\/uploads\/2024\/05\/IMG_6408-1.jpeg?resize=694%2C1200&amp;ssl=1 694w, https:\/\/i0.wp.com\/saschaberger.com\/wp-content\/uploads\/2024\/05\/IMG_6408-1.jpeg?resize=347%2C600&amp;ssl=1 347w, https:\/\/i0.wp.com\/saschaberger.com\/wp-content\/uploads\/2024\/05\/IMG_6408-1.jpeg?resize=768%2C1329&amp;ssl=1 768w, https:\/\/i0.wp.com\/saschaberger.com\/wp-content\/uploads\/2024\/05\/IMG_6408-1.jpeg?resize=888%2C1536&amp;ssl=1 888w, https:\/\/i0.wp.com\/saschaberger.com\/wp-content\/uploads\/2024\/05\/IMG_6408-1.jpeg?resize=400%2C692&amp;ssl=1 400w, https:\/\/i0.wp.com\/saschaberger.com\/wp-content\/uploads\/2024\/05\/IMG_6408-1.jpeg?w=1141&amp;ssl=1 1141w\" sizes=\"auto, (max-width: 694px) 100vw, 694px\" \/><\/figure>\n\n\n\n<h2 class=\"wp-block-heading\">Am Wahltag keine Zeit?<\/h2>\n\n\n\n<p>Dann einfach die Briefwahlunterlagen beantragen, Wenn du wissen willst, wie das geht, dann weiter hier entlang:&nbsp;&nbsp;<a href=\"http:\/\/gruene.de\/briefwahl\">gruene.de\/briefwahl<\/a><\/p>\n\n\n\n<figure class=\"wp-block-image size-large\"><img data-recalc-dims=\"1\" loading=\"lazy\" decoding=\"async\" width=\"720\" height=\"1126\" data-attachment-id=\"3436\" data-permalink=\"https:\/\/saschaberger.com\/en\/2024\/05\/11\/europawahl-2024-und-wahlprogramm-gruene\/img_6402-1\/\" data-orig-file=\"https:\/\/i0.wp.com\/saschaberger.com\/wp-content\/uploads\/2024\/05\/IMG_6402-1.jpeg?fit=833%2C1304&amp;ssl=1\" data-orig-size=\"833,1304\" data-comments-opened=\"1\" data-image-meta=\"{&quot;aperture&quot;:&quot;0&quot;,&quot;credit&quot;:&quot;&quot;,&quot;camera&quot;:&quot;&quot;,&quot;caption&quot;:&quot;&quot;,&quot;created_timestamp&quot;:&quot;0&quot;,&quot;copyright&quot;:&quot;&quot;,&quot;focal_length&quot;:&quot;0&quot;,&quot;iso&quot;:&quot;0&quot;,&quot;shutter_speed&quot;:&quot;0&quot;,&quot;title&quot;:&quot;&quot;,&quot;orientation&quot;:&quot;1&quot;}\" data-image-title=\"IMG_6402-1\" data-image-description=\"\" data-image-caption=\"\" data-large-file=\"https:\/\/i0.wp.com\/saschaberger.com\/wp-content\/uploads\/2024\/05\/IMG_6402-1.jpeg?fit=720%2C1126&amp;ssl=1\" src=\"https:\/\/i0.wp.com\/saschaberger.com\/wp-content\/uploads\/2024\/05\/IMG_6402-1.jpeg?resize=720%2C1126&#038;ssl=1\" alt=\"\" class=\"wp-image-3436\" srcset=\"https:\/\/i0.wp.com\/saschaberger.com\/wp-content\/uploads\/2024\/05\/IMG_6402-1.jpeg?resize=767%2C1200&amp;ssl=1 767w, https:\/\/i0.wp.com\/saschaberger.com\/wp-content\/uploads\/2024\/05\/IMG_6402-1.jpeg?resize=383%2C600&amp;ssl=1 383w, https:\/\/i0.wp.com\/saschaberger.com\/wp-content\/uploads\/2024\/05\/IMG_6402-1.jpeg?resize=768%2C1202&amp;ssl=1 768w, https:\/\/i0.wp.com\/saschaberger.com\/wp-content\/uploads\/2024\/05\/IMG_6402-1.jpeg?resize=400%2C626&amp;ssl=1 400w, https:\/\/i0.wp.com\/saschaberger.com\/wp-content\/uploads\/2024\/05\/IMG_6402-1.jpeg?w=833&amp;ssl=1 833w\" sizes=\"auto, (max-width: 720px) 100vw, 720px\" \/><\/figure>\n\n\n\n<p>QR-Code mit eingebettetem Link zu dieser Webseite:<\/p>\n\n\n\n<p><\/p>\n\n\n<div class=\"wp-block-image\">\n<figure class=\"aligncenter size-full\"><img data-recalc-dims=\"1\" loading=\"lazy\" decoding=\"async\" width=\"353\" height=\"345\" data-attachment-id=\"3440\" data-permalink=\"https:\/\/saschaberger.com\/en\/2024\/05\/11\/europawahl-2024-und-wahlprogramm-gruene\/img_6413\/\" data-orig-file=\"https:\/\/i0.wp.com\/saschaberger.com\/wp-content\/uploads\/2024\/05\/IMG_6413.jpeg?fit=353%2C345&amp;ssl=1\" data-orig-size=\"353,345\" data-comments-opened=\"1\" data-image-meta=\"{&quot;aperture&quot;:&quot;0&quot;,&quot;credit&quot;:&quot;&quot;,&quot;camera&quot;:&quot;&quot;,&quot;caption&quot;:&quot;&quot;,&quot;created_timestamp&quot;:&quot;0&quot;,&quot;copyright&quot;:&quot;&quot;,&quot;focal_length&quot;:&quot;0&quot;,&quot;iso&quot;:&quot;0&quot;,&quot;shutter_speed&quot;:&quot;0&quot;,&quot;title&quot;:&quot;&quot;,&quot;orientation&quot;:&quot;1&quot;}\" data-image-title=\"IMG_6413\" data-image-description=\"\" data-image-caption=\"\" data-large-file=\"https:\/\/i0.wp.com\/saschaberger.com\/wp-content\/uploads\/2024\/05\/IMG_6413.jpeg?fit=353%2C345&amp;ssl=1\" src=\"https:\/\/i0.wp.com\/saschaberger.com\/wp-content\/uploads\/2024\/05\/IMG_6413.jpeg?resize=353%2C345&#038;ssl=1\" alt=\"\" class=\"wp-image-3440\"\/><\/figure>\n<\/div>","protected":false},"excerpt":{"rendered":"<p>Zur Europawahl am 9. Juni 2024 haben wir die M\u00f6glichkeit, zu erhalten, was uns st\u00e4rkt, und zu st\u00e4rken, was uns sch\u00fctzt. Es geht um Frieden und Wohlstand in Europa. Es geht um ein gerechtes und gr\u00fcnes Europa. Das GR\u00dcNE Europawahlprogramm&#x2026; <\/p>\n<p class=\"more-link-container th-uppercase th-text-2xs\"><a href=\"https:\/\/saschaberger.com\/en\/2024\/05\/11\/europawahl-2024-und-wahlprogramm-gruene\/\" class=\"more-link\">Read More <span class=\"screen-reader-text\">Europawahl 2024 und Wahlprogramm B\u00fcndnis 90\/ Die Gr\u00fcnen<\/span><\/a><\/p>\n","protected":false},"author":1,"featured_media":3412,"comment_status":"closed","ping_status":"open","sticky":false,"template":"","format":"standard","meta":{"advanced_seo_description":"","jetpack_seo_html_title":"","jetpack_seo_noindex":false,"_jetpack_newsletter_access":"","_jetpack_dont_email_post_to_subs":false,"_jetpack_newsletter_tier_id":0,"_jetpack_memberships_contains_paywalled_content":false,"_jetpack_memberships_contains_paid_content":false,"footnotes":"","jetpack_publicize_message":"","jetpack_publicize_feature_enabled":true,"jetpack_social_post_already_shared":true,"jetpack_social_options":{"image_generator_settings":{"template":"highway","default_image_id":0,"font":"","enabled":false},"version":2},"_wpas_customize_per_network":false,"jetpack_post_was_ever_published":false},"categories":[2710],"tags":[],"class_list":["post-3430","post","type-post","status-publish","format-standard","has-post-thumbnail","hentry","category-allgemein"],"translation":{"provider":"WPGlobus","version":"3.0.2","language":"en","enabled_languages":["de","en"],"languages":{"de":{"title":true,"content":true,"excerpt":false},"en":{"title":false,"content":false,"excerpt":false}}},"jetpack_publicize_connections":[],"jetpack_featured_media_url":"https:\/\/i0.wp.com\/saschaberger.com\/wp-content\/uploads\/2024\/05\/image-1.png?fit=1792%2C1024&ssl=1","jetpack_sharing_enabled":true,"jetpack_shortlink":"https:\/\/wp.me\/p74lUj-Tk","jetpack_likes_enabled":true,"amp_enabled":true,"_links":{"self":[{"href":"https:\/\/saschaberger.com\/en\/wp-json\/wp\/v2\/posts\/3430","targetHints":{"allow":["GET"]}}],"collection":[{"href":"https:\/\/saschaberger.com\/en\/wp-json\/wp\/v2\/posts"}],"about":[{"href":"https:\/\/saschaberger.com\/en\/wp-json\/wp\/v2\/types\/post"}],"author":[{"embeddable":true,"href":"https:\/\/saschaberger.com\/en\/wp-json\/wp\/v2\/users\/1"}],"replies":[{"embeddable":true,"href":"https:\/\/saschaberger.com\/en\/wp-json\/wp\/v2\/comments?post=3430"}],"version-history":[{"count":10,"href":"https:\/\/saschaberger.com\/en\/wp-json\/wp\/v2\/posts\/3430\/revisions"}],"predecessor-version":[{"id":3459,"href":"https:\/\/saschaberger.com\/en\/wp-json\/wp\/v2\/posts\/3430\/revisions\/3459"}],"wp:featuredmedia":[{"embeddable":true,"href":"https:\/\/saschaberger.com\/en\/wp-json\/wp\/v2\/media\/3412"}],"wp:attachment":[{"href":"https:\/\/saschaberger.com\/en\/wp-json\/wp\/v2\/media?parent=3430"}],"wp:term":[{"taxonomy":"category","embeddable":true,"href":"https:\/\/saschaberger.com\/en\/wp-json\/wp\/v2\/categories?post=3430"},{"taxonomy":"post_tag","embeddable":true,"href":"https:\/\/saschaberger.com\/en\/wp-json\/wp\/v2\/tags?post=3430"}],"curies":[{"name":"wp","href":"https:\/\/api.w.org\/{rel}","templated":true}]}}